{"id":4426,"date":"2016-04-28T12:16:40","date_gmt":"2016-04-28T10:16:40","guid":{"rendered":"https:\/\/www.smoothstar.com\/johanne-defay-n8-mondiale-en-2015-rejoins-smoothstar\/"},"modified":"2016-04-28T12:16:40","modified_gmt":"2016-04-28T10:16:40","slug":"johanne-defay-n8-mondiale-en-2015-rejoins-smoothstar","status":"publish","type":"post","link":"https:\/\/www.smoothstar.com\/it\/johanne-defay-n8-mondiale-en-2015-rejoins-smoothstar\/","title":{"rendered":"JOHANNE DEFAY - n\u00b08 mondiale en 2015 rejoins SmoothStar"},"content":{"rendered":"<p>La surfeuse pro Johanne Defay a rejoint le team SmoothStar. Elle a fini 8\u00e8me des derniers championnats du monde et retrouve ainsi le br\u00e9silien Felipe Toledo, \u00e9galement dans le top 10 mondial chez les hommes.<\/p>\n<p>Sa premi\u00e8re exp\u00e9rience avec un SmoothStar remonte \u00e0 f\u00e9vrier 2015, <a href=\"http:\/\/yannmartinsurfacademy.fr\/\" target=\"_blank\">quand le meilleur coach du surf fran\u00e7ais Yann Martin lui <\/a>a offert la <a href=\"https:\/\/www.smoothstar.com\/fr\/shop\/smoothstar-complets\/33-holy-toledo-3\/\" target=\"_blank\">33\u201d Holy Toledo<\/a>\u2026 Elle est devenue fan imm\u00e9diatement! Comme la sensation sur un SmoothStar est pratiquement la m\u00eame que sur un surfboard (mais hors de l\u2019eau), Johanne est mont\u00e9 dessus comme sur une de ses planches et elle a tout de suite accroch\u00e9!!<\/p>\n<p><img loading=\"lazy\" decoding=\"async\" class=\"alignnone size-full wp-image-4781\" src=\"https:\/\/www.smoothstar.com\/wp-content\/uploads\/2016\/04\/johanne-defay-image-hero2.jpg\" alt=\"johanne-defay-image-hero2\" width=\"868\" height=\"289\" \/><\/p>\n<p><img loading=\"lazy\" decoding=\"async\" class=\"alignnone size-full wp-image-4775\" src=\"https:\/\/www.smoothstar.com\/wp-content\/uploads\/2016\/04\/johanne-defay-pro-surfer.jpg\" alt=\"johanne-defay-pro-surfer\" width=\"868\" height=\"565\" \/><\/p>\n<blockquote class=\"instagram-media\" style=\"background: #FFF; border: 0; border-radius: 3px; box-shadow: 0 0 1px 0 rgba(0,0,0,0.5),0 1px 10px 0 rgba(0,0,0,0.15); margin: 1px; max-width: 658px; padding: 0; width: calc(100% - 2px);\" data-instgrm-captioned=\"\" data-instgrm-version=\"6\">\n<div style=\"padding: 8px;\">\n<div style=\"background: #F8F8F8; line-height: 0; margin-top: 40px; padding: 28.1944444444% 0; text-align: center; width: 100%;\"><\/div>\n<p style=\"margin: 8px 0 0 0; padding: 0 4px;\"><a style=\"color: #000; font-family: Arial,sans-serif; font-size: 14px; font-style: normal; font-weight: normal; line-height: 17px; text-decoration: none; word-wrap: break-word;\" href=\"https:\/\/www.instagram.com\/p\/BDShD9jSlQS\/\" target=\"_blank\">**Perfect Cutback Surf Technique** on the new 32.5\" SmoothStar with Pro Surfer @johannedefay. Important - notice her head turns, then she opens up her shoulders. Rotates her shoulders and drives through the turn with compression all the way through her hips and legs. Surf footage was during her Semi Final finish at the first @wsl competition at Snapper Rocks. MAKING SURFERS BETTER #smoothstar #johannedefay #wsl<\/a><\/p>\n<p style=\"color: #c9c8cd; font-family: Arial,sans-serif; font-size: 14px; line-height: 17px; margin-bottom: 0; margin-top: 8px; overflow: hidden; padding: 8px 0 7px; text-align: center; text-overflow: ellipsis; white-space: nowrap;\">A video posted by Surf Trainer (@smoothstar) on <time style=\"font-family: Arial,sans-serif; font-size: 14px; line-height: 17px;\" datetime=\"2016-03-23T08:45:39+00:00\">Mar 23, 2016 at 1:45am PDT<\/time><\/p>\n<\/div>\n<\/blockquote>\n<p><script src=\"\/\/platform.instagram.com\/en_US\/embeds.js\" async=\"\" defer=\"defer\"><\/script><\/p>\n<blockquote class=\"instagram-media\" style=\"background: #FFF; border: 0; border-radius: 3px; box-shadow: 0 0 1px 0 rgba(0,0,0,0.5),0 1px 10px 0 rgba(0,0,0,0.15); margin: 1px; max-width: 658px; padding: 0; width: calc(100% - 2px);\" data-instgrm-captioned=\"\" data-instgrm-version=\"6\">\n<div style=\"padding: 8px;\">\n<div style=\"background: #F8F8F8; line-height: 0; margin-top: 40px; padding: 28.1944444444% 0; text-align: center; width: 100%;\"><\/div>\n<p><a style=\"color: #000; font-family: Arial,sans-serif; font-size: 14px; font-style: normal; font-weight: normal; line-height: 17px; text-decoration: none; word-wrap: break-word;\" href=\"https:\/\/www.instagram.com\/p\/BCxVGDySlSc\/\" target=\"_blank\">Bienvenue to the SmoothStar team #8 in the World Johanne Defay @johannedefay . Johanne's the best ever female surfer representing Europe... 2015 US Open Champion and 2014 Rookie of the year. She's an amazing talent and a naturally beautiful person with a big heart. The best big wave back hand attack on tour... She rips it hard. We have two colours of her 32.5\" Pro Model. Much more to come next week. #smoothstar #johannedefay #prosurfer @smoothstar_europe<\/a><\/p>\n<p>A video posted by Surf Trainer (@smoothstar) on <time style=\"font-family: Arial,sans-serif; font-size: 14px; line-height: 17px;\" datetime=\"2016-03-10T11:26:09+00:00\">Mar 10, 2016 at 3:26am PST<\/time>\n<\/div>\n<\/blockquote>\n<p><script src=\"\/\/platform.instagram.com\/en_US\/embeds.js\" async=\"\" defer=\"defer\"><\/script><\/p>\n<h3>Qui est Johanne Defay?<\/h3>\n<p>Johanne Defay est une surfeuse professionnelle originaire de l\u2019\u00eele de la R\u00e9union. Elle est une des surfeuses les plus puissantes du circuit mondial et elle est connue pour poser les meilleures manoeuvres en back-hand sur grosses vagues de la Women\u2019s World Surf League. Elle s\u2019est \u00e9galement distingu\u00e9 derni\u00e8rement en r\u00e9alisant, sur l\u2019\u00e9tape 2016 de la Gold Coast, un nosepick reverse, autrement appel\u00e9 \u201cclub-sandwich\u201d; une premi\u00e8re sur le circuit mondial f\u00e9minin.<\/p>\n<p>Sa carri\u00e8re:<\/p>\n<ul>\n<li>Championne 2015 de l\u2019US Open of Surfing<\/li>\n<li>2014 Rookie of the year<\/li>\n<li>8\u00e8me position sur la Women\u2019s WSL en 2014 et 2015<\/li>\n<\/ul>\n<h3>Le mod\u00e8le 32,5\u201d Johanne SmoothStar Pro<\/h3>\n<p>SmoothStar a cr\u00e9\u00e9 un nouveau mod\u00e8le pour Johanne; elle a eu une influence directe sur la conception (design et sp\u00e9cificit\u00e9s) de celui-ci. C\u2019est un 32,5\u201d qui vient s\u2019intercaler entre le <a href=\"https:\/\/www.smoothstar.com\/fr\/product-category\/32-flying-fish-fr-2\/\" target=\"_blank\">32\u201d Flying Fish<\/a> et le <a href=\"https:\/\/www.smoothstar.com\/fr\/shop\/smoothstar-complets\/33-holy-toledo-3\/\" target=\"_blank\">33\u201d Holy Toledo<\/a>. Le deck est plus concave pour r\u00e9aliser des meilleurs turns d\u2019un rail \u00e0 l\u2019autre, pour ressembler au style de Johanne. Le tail est tr\u00e8s large, ainsi les adultes, comme les jeunes, peuvent faire des carves serr\u00e9s et n\u2019ont pas les orteils qui d\u00e9passent. Elle est conseill\u00e9e pour les jeunes de plus d\u20191m55 et pour les adultes de moins d\u20191m81.<\/p>\n<h3>Le design - L\u2019arbre du voyageur<\/h3>\n<p>Dessin\u00e9 au milieu de sa planche, l\u2019Arbre du voyageur, tr\u00e8s pr\u00e9sent sur l\u2019ile de la R\u00e9union o\u00f9 il est \u00e9galement appel\u00e9 \u201cRavenala\u201d, signifie beaucoup de chose pour Johanne. Il symbolise l\u2019\u00e9nergie qu\u2019elle ressent quand elle surfe\u2026 De plus, sa vie et sa carri\u00e8re, elle qui a commenc\u00e9 tr\u00e8s jeune \u00e0 voyager, ressemble aux graines de cet arbre qui sont transport\u00e9es d\u2019une terre \u00e0 une autre par les vagues des Oc\u00e9ans. Elles s\u2019\u00e9chouent sur les plages, prennent racines et grandissent, puis recommencent plus loin....<\/p>\n<p><a href=\"https:\/\/www.smoothstar.com\/fr\/shop\/smoothstar-complets\/32-5-johanne-defay-teal-white-2\/\" rel=\"attachment wp-att-4763\"><img loading=\"lazy\" decoding=\"async\" class=\"alignnone wp-image-4763 size-full\" src=\"https:\/\/www.smoothstar.com\/wp-content\/uploads\/2016\/04\/32.5-surf-trainer-johanne-defay-teal-white1.jpg\" alt=\"32.5-surf-trainer-johanne-defay-teal-white1\" width=\"400\" height=\"543\" \/><\/a><a href=\"https:\/\/www.smoothstar.com\/fr\/shop\/smoothstar-complets\/32-5-johanne-defay-aqua-grey-2\/\" rel=\"attachment wp-att-4757\"><img loading=\"lazy\" decoding=\"async\" class=\"alignnone wp-image-4757 size-full\" src=\"https:\/\/www.smoothstar.com\/wp-content\/uploads\/2016\/04\/32.5-surf-trainer-johanne-defay-aqua-grey1.jpg\" alt=\"32.5-surf-trainer-johanne-defay-aqua-grey1\" width=\"400\" height=\"543\" \/><\/a><\/p>","protected":false},"excerpt":{"rendered":"<p>La surfeuse pro Johanne Defay a rejoint le team SmoothStar. Elle a fini 8\u00e8me des derniers championnats du monde et retrouve ainsi le br\u00e9silien Felipe Toledo, \u00e9galement dans le top 10 mondial chez les hommes. Sa premi\u00e8re exp\u00e9rience avec un SmoothStar remonte \u00e0 f\u00e9vrier 2015, quand le meilleur coach du surf fran\u00e7ais Yann Martin lui [&hellip;]<\/p>\n","protected":false},"author":1,"featured_media":0,"comment_status":"open","ping_status":"closed","sticky":false,"template":"","format":"standard","meta":{"_acf_changed":false,"footnotes":""},"categories":[112,116,117,113,114],"tags":[],"class_list":["post-4426","post","type-post","status-publish","format-standard","hentry","category-infos","category-infos-europe","category-infos-sur-nos-produits","category-nos-team-riders","category-surfeurs-pro-wsl"],"acf":[],"yoast_head":"<!-- This site is optimized with the Yoast SEO plugin v27.0 - https:\/\/yoast.com\/product\/yoast-seo-wordpress\/ -->\n<title>JOHANNE DEFAY - n\u00b08 mondiale en 2015 rejoins SmoothStar | SmoothStar Europe<\/title>\n<meta name=\"robots\" content=\"index, follow, max-snippet:-1, max-image-preview:large, max-video-preview:-1\" \/>\n<link rel=\"canonical\" href=\"https:\/\/www.smoothstar.com\/it\/johanne-defay-n8-mondiale-en-2015-rejoins-smoothstar\/\" \/>\n<meta property=\"og:locale\" content=\"it_IT\" \/>\n<meta property=\"og:type\" content=\"article\" \/>\n<meta property=\"og:title\" content=\"JOHANNE DEFAY - n\u00b08 mondiale en 2015 rejoins SmoothStar | SmoothStar Europe\" \/>\n<meta property=\"og:description\" content=\"La surfeuse pro Johanne Defay a rejoint le team SmoothStar. Elle a fini 8\u00e8me des derniers championnats du monde et retrouve ainsi le br\u00e9silien Felipe Toledo, \u00e9galement dans le top 10 mondial chez les hommes. Sa premi\u00e8re exp\u00e9rience avec un SmoothStar remonte \u00e0 f\u00e9vrier 2015, quand le meilleur coach du surf fran\u00e7ais Yann Martin lui [&hellip;]\" \/>\n<meta property=\"og:url\" content=\"https:\/\/www.smoothstar.com\/it\/johanne-defay-n8-mondiale-en-2015-rejoins-smoothstar\/\" \/>\n<meta property=\"og:site_name\" content=\"SmoothStar Europe\" \/>\n<meta property=\"article:publisher\" content=\"https:\/\/www.facebook.com\/smoothstarskate\/\" \/>\n<meta property=\"article:published_time\" content=\"2016-04-28T10:16:40+00:00\" \/>\n<meta name=\"author\" content=\"flowintozdev\" \/>\n<meta name=\"twitter:card\" content=\"summary_large_image\" \/>\n<meta name=\"twitter:label1\" content=\"Scritto da\" \/>\n\t<meta name=\"twitter:data1\" content=\"flowintozdev\" \/>\n\t<meta name=\"twitter:label2\" content=\"Tempo di lettura stimato\" \/>\n\t<meta name=\"twitter:data2\" content=\"3 minuti\" \/>\n<script type=\"application\/ld+json\" class=\"yoast-schema-graph\">{\"@context\":\"https:\/\/schema.org\",\"@graph\":[{\"@type\":\"Article\",\"@id\":\"https:\/\/www.smoothstar.com\/fr\/johanne-defay-n8-mondiale-en-2015-rejoins-smoothstar\/#article\",\"isPartOf\":{\"@id\":\"https:\/\/www.smoothstar.com\/fr\/johanne-defay-n8-mondiale-en-2015-rejoins-smoothstar\/\"},\"author\":{\"name\":\"flowintozdev\",\"@id\":\"https:\/\/www.smoothstar.com\/#\/schema\/person\/04f736e039806e0ca4bb1517781666b7\"},\"headline\":\"JOHANNE DEFAY - n\u00b08 mondiale en 2015 rejoins SmoothStar\",\"datePublished\":\"2016-04-28T10:16:40+00:00\",\"mainEntityOfPage\":{\"@id\":\"https:\/\/www.smoothstar.com\/fr\/johanne-defay-n8-mondiale-en-2015-rejoins-smoothstar\/\"},\"wordCount\":595,\"commentCount\":0,\"publisher\":{\"@id\":\"https:\/\/www.smoothstar.com\/#organization\"},\"image\":{\"@id\":\"https:\/\/www.smoothstar.com\/fr\/johanne-defay-n8-mondiale-en-2015-rejoins-smoothstar\/#primaryimage\"},\"thumbnailUrl\":\"https:\/\/www.smoothstar.com\/wp-content\/uploads\/2016\/04\/johanne-defay-image-hero2.jpg\",\"articleSection\":[\"Infos\",\"Infos Europe\",\"Infos sur nos produits\",\"Nos team riders\",\"Surfeurs pro &amp; WSL\"],\"inLanguage\":\"it-IT\",\"potentialAction\":[{\"@type\":\"CommentAction\",\"name\":\"Comment\",\"target\":[\"https:\/\/www.smoothstar.com\/fr\/johanne-defay-n8-mondiale-en-2015-rejoins-smoothstar\/#respond\"]}]},{\"@type\":\"WebPage\",\"@id\":\"https:\/\/www.smoothstar.com\/fr\/johanne-defay-n8-mondiale-en-2015-rejoins-smoothstar\/\",\"url\":\"https:\/\/www.smoothstar.com\/fr\/johanne-defay-n8-mondiale-en-2015-rejoins-smoothstar\/\",\"name\":\"JOHANNE DEFAY - n\u00b08 mondiale en 2015 rejoins SmoothStar | SmoothStar Europe\",\"isPartOf\":{\"@id\":\"https:\/\/www.smoothstar.com\/#website\"},\"primaryImageOfPage\":{\"@id\":\"https:\/\/www.smoothstar.com\/fr\/johanne-defay-n8-mondiale-en-2015-rejoins-smoothstar\/#primaryimage\"},\"image\":{\"@id\":\"https:\/\/www.smoothstar.com\/fr\/johanne-defay-n8-mondiale-en-2015-rejoins-smoothstar\/#primaryimage\"},\"thumbnailUrl\":\"https:\/\/www.smoothstar.com\/wp-content\/uploads\/2016\/04\/johanne-defay-image-hero2.jpg\",\"datePublished\":\"2016-04-28T10:16:40+00:00\",\"breadcrumb\":{\"@id\":\"https:\/\/www.smoothstar.com\/fr\/johanne-defay-n8-mondiale-en-2015-rejoins-smoothstar\/#breadcrumb\"},\"inLanguage\":\"it-IT\",\"potentialAction\":[{\"@type\":\"ReadAction\",\"target\":[\"https:\/\/www.smoothstar.com\/fr\/johanne-defay-n8-mondiale-en-2015-rejoins-smoothstar\/\"]}]},{\"@type\":\"ImageObject\",\"inLanguage\":\"it-IT\",\"@id\":\"https:\/\/www.smoothstar.com\/fr\/johanne-defay-n8-mondiale-en-2015-rejoins-smoothstar\/#primaryimage\",\"url\":\"https:\/\/www.smoothstar.com\/wp-content\/uploads\/2016\/04\/johanne-defay-image-hero2.jpg\",\"contentUrl\":\"https:\/\/www.smoothstar.com\/wp-content\/uploads\/2016\/04\/johanne-defay-image-hero2.jpg\"},{\"@type\":\"BreadcrumbList\",\"@id\":\"https:\/\/www.smoothstar.com\/fr\/johanne-defay-n8-mondiale-en-2015-rejoins-smoothstar\/#breadcrumb\",\"itemListElement\":[{\"@type\":\"ListItem\",\"position\":1,\"name\":\"Home\",\"item\":\"https:\/\/www.smoothstar.com\/\"},{\"@type\":\"ListItem\",\"position\":2,\"name\":\"JOHANNE DEFAY - n\u00b08 mondiale en 2015 rejoins SmoothStar\"}]},{\"@type\":\"WebSite\",\"@id\":\"https:\/\/www.smoothstar.com\/#website\",\"url\":\"https:\/\/www.smoothstar.com\/\",\"name\":\"SmoothStar Europe\",\"description\":\"Europe\",\"publisher\":{\"@id\":\"https:\/\/www.smoothstar.com\/#organization\"},\"potentialAction\":[{\"@type\":\"SearchAction\",\"target\":{\"@type\":\"EntryPoint\",\"urlTemplate\":\"https:\/\/www.smoothstar.com\/?s={search_term_string}\"},\"query-input\":{\"@type\":\"PropertyValueSpecification\",\"valueRequired\":true,\"valueName\":\"search_term_string\"}}],\"inLanguage\":\"it-IT\"},{\"@type\":\"Organization\",\"@id\":\"https:\/\/www.smoothstar.com\/#organization\",\"name\":\"SmoothStar Europe s.r.o.\",\"url\":\"https:\/\/www.smoothstar.com\/\",\"logo\":{\"@type\":\"ImageObject\",\"inLanguage\":\"it-IT\",\"@id\":\"https:\/\/www.smoothstar.com\/#\/schema\/logo\/image\/\",\"url\":\"https:\/\/www.smoothstar.com\/wp-content\/uploads\/2021\/05\/smoothstar-square-pixel.png\",\"contentUrl\":\"https:\/\/www.smoothstar.com\/wp-content\/uploads\/2021\/05\/smoothstar-square-pixel.png\",\"width\":512,\"height\":512,\"caption\":\"SmoothStar Europe s.r.o.\"},\"image\":{\"@id\":\"https:\/\/www.smoothstar.com\/#\/schema\/logo\/image\/\"},\"sameAs\":[\"https:\/\/www.facebook.com\/smoothstarskate\/\",\"https:\/\/www.instagram.com\/smoothstar\/\",\"https:\/\/www.youtube.com\/channel\/UCVqOqnZWdnEkF75C-27ApnQ\"]},{\"@type\":\"Person\",\"@id\":\"https:\/\/www.smoothstar.com\/#\/schema\/person\/04f736e039806e0ca4bb1517781666b7\",\"name\":\"flowintozdev\",\"image\":{\"@type\":\"ImageObject\",\"inLanguage\":\"it-IT\",\"@id\":\"https:\/\/www.smoothstar.com\/#\/schema\/person\/image\/\",\"url\":\"https:\/\/secure.gravatar.com\/avatar\/49c174a98b74c4557ea45b92e8bfdf9d9e55ce930b686f2ca88845325d9d51d0?s=96&d=mm&r=g\",\"contentUrl\":\"https:\/\/secure.gravatar.com\/avatar\/49c174a98b74c4557ea45b92e8bfdf9d9e55ce930b686f2ca88845325d9d51d0?s=96&d=mm&r=g\",\"caption\":\"flowintozdev\"},\"sameAs\":[\"https:\/\/www.smoothstar.com\"],\"url\":\"https:\/\/www.smoothstar.com\/it\/author\/flowintozdev\/\"}]}<\/script>\n<!-- \/ Yoast SEO plugin. -->","yoast_head_json":{"title":"JOHANNE DEFAY - n\u00b08 mondiale en 2015 rejoins SmoothStar | SmoothStar Europe","robots":{"index":"index","follow":"follow","max-snippet":"max-snippet:-1","max-image-preview":"max-image-preview:large","max-video-preview":"max-video-preview:-1"},"canonical":"https:\/\/www.smoothstar.com\/it\/johanne-defay-n8-mondiale-en-2015-rejoins-smoothstar\/","og_locale":"it_IT","og_type":"article","og_title":"JOHANNE DEFAY - n\u00b08 mondiale en 2015 rejoins SmoothStar | SmoothStar Europe","og_description":"La surfeuse pro Johanne Defay a rejoint le team SmoothStar. Elle a fini 8\u00e8me des derniers championnats du monde et retrouve ainsi le br\u00e9silien Felipe Toledo, \u00e9galement dans le top 10 mondial chez les hommes. Sa premi\u00e8re exp\u00e9rience avec un SmoothStar remonte \u00e0 f\u00e9vrier 2015, quand le meilleur coach du surf fran\u00e7ais Yann Martin lui [&hellip;]","og_url":"https:\/\/www.smoothstar.com\/it\/johanne-defay-n8-mondiale-en-2015-rejoins-smoothstar\/","og_site_name":"SmoothStar Europe","article_publisher":"https:\/\/www.facebook.com\/smoothstarskate\/","article_published_time":"2016-04-28T10:16:40+00:00","author":"flowintozdev","twitter_card":"summary_large_image","twitter_misc":{"Scritto da":"flowintozdev","Tempo di lettura stimato":"3 minuti"},"schema":{"@context":"https:\/\/schema.org","@graph":[{"@type":"Article","@id":"https:\/\/www.smoothstar.com\/fr\/johanne-defay-n8-mondiale-en-2015-rejoins-smoothstar\/#article","isPartOf":{"@id":"https:\/\/www.smoothstar.com\/fr\/johanne-defay-n8-mondiale-en-2015-rejoins-smoothstar\/"},"author":{"name":"flowintozdev","@id":"https:\/\/www.smoothstar.com\/#\/schema\/person\/04f736e039806e0ca4bb1517781666b7"},"headline":"JOHANNE DEFAY - n\u00b08 mondiale en 2015 rejoins SmoothStar","datePublished":"2016-04-28T10:16:40+00:00","mainEntityOfPage":{"@id":"https:\/\/www.smoothstar.com\/fr\/johanne-defay-n8-mondiale-en-2015-rejoins-smoothstar\/"},"wordCount":595,"commentCount":0,"publisher":{"@id":"https:\/\/www.smoothstar.com\/#organization"},"image":{"@id":"https:\/\/www.smoothstar.com\/fr\/johanne-defay-n8-mondiale-en-2015-rejoins-smoothstar\/#primaryimage"},"thumbnailUrl":"https:\/\/www.smoothstar.com\/wp-content\/uploads\/2016\/04\/johanne-defay-image-hero2.jpg","articleSection":["Infos","Infos Europe","Infos sur nos produits","Nos team riders","Surfeurs pro &amp; WSL"],"inLanguage":"it-IT","potentialAction":[{"@type":"CommentAction","name":"Comment","target":["https:\/\/www.smoothstar.com\/fr\/johanne-defay-n8-mondiale-en-2015-rejoins-smoothstar\/#respond"]}]},{"@type":"WebPage","@id":"https:\/\/www.smoothstar.com\/fr\/johanne-defay-n8-mondiale-en-2015-rejoins-smoothstar\/","url":"https:\/\/www.smoothstar.com\/fr\/johanne-defay-n8-mondiale-en-2015-rejoins-smoothstar\/","name":"JOHANNE DEFAY - n\u00b08 mondiale en 2015 rejoins SmoothStar | SmoothStar Europe","isPartOf":{"@id":"https:\/\/www.smoothstar.com\/#website"},"primaryImageOfPage":{"@id":"https:\/\/www.smoothstar.com\/fr\/johanne-defay-n8-mondiale-en-2015-rejoins-smoothstar\/#primaryimage"},"image":{"@id":"https:\/\/www.smoothstar.com\/fr\/johanne-defay-n8-mondiale-en-2015-rejoins-smoothstar\/#primaryimage"},"thumbnailUrl":"https:\/\/www.smoothstar.com\/wp-content\/uploads\/2016\/04\/johanne-defay-image-hero2.jpg","datePublished":"2016-04-28T10:16:40+00:00","breadcrumb":{"@id":"https:\/\/www.smoothstar.com\/fr\/johanne-defay-n8-mondiale-en-2015-rejoins-smoothstar\/#breadcrumb"},"inLanguage":"it-IT","potentialAction":[{"@type":"ReadAction","target":["https:\/\/www.smoothstar.com\/fr\/johanne-defay-n8-mondiale-en-2015-rejoins-smoothstar\/"]}]},{"@type":"ImageObject","inLanguage":"it-IT","@id":"https:\/\/www.smoothstar.com\/fr\/johanne-defay-n8-mondiale-en-2015-rejoins-smoothstar\/#primaryimage","url":"https:\/\/www.smoothstar.com\/wp-content\/uploads\/2016\/04\/johanne-defay-image-hero2.jpg","contentUrl":"https:\/\/www.smoothstar.com\/wp-content\/uploads\/2016\/04\/johanne-defay-image-hero2.jpg"},{"@type":"BreadcrumbList","@id":"https:\/\/www.smoothstar.com\/fr\/johanne-defay-n8-mondiale-en-2015-rejoins-smoothstar\/#breadcrumb","itemListElement":[{"@type":"ListItem","position":1,"name":"Home","item":"https:\/\/www.smoothstar.com\/"},{"@type":"ListItem","position":2,"name":"JOHANNE DEFAY - n\u00b08 mondiale en 2015 rejoins SmoothStar"}]},{"@type":"WebSite","@id":"https:\/\/www.smoothstar.com\/#website","url":"https:\/\/www.smoothstar.com\/","name":"SmoothStar Europe","description":"Europe","publisher":{"@id":"https:\/\/www.smoothstar.com\/#organization"},"potentialAction":[{"@type":"SearchAction","target":{"@type":"EntryPoint","urlTemplate":"https:\/\/www.smoothstar.com\/?s={search_term_string}"},"query-input":{"@type":"PropertyValueSpecification","valueRequired":true,"valueName":"search_term_string"}}],"inLanguage":"it-IT"},{"@type":"Organization","@id":"https:\/\/www.smoothstar.com\/#organization","name":"SmoothStar Europe s.r.o.","url":"https:\/\/www.smoothstar.com\/","logo":{"@type":"ImageObject","inLanguage":"it-IT","@id":"https:\/\/www.smoothstar.com\/#\/schema\/logo\/image\/","url":"https:\/\/www.smoothstar.com\/wp-content\/uploads\/2021\/05\/smoothstar-square-pixel.png","contentUrl":"https:\/\/www.smoothstar.com\/wp-content\/uploads\/2021\/05\/smoothstar-square-pixel.png","width":512,"height":512,"caption":"SmoothStar Europe s.r.o."},"image":{"@id":"https:\/\/www.smoothstar.com\/#\/schema\/logo\/image\/"},"sameAs":["https:\/\/www.facebook.com\/smoothstarskate\/","https:\/\/www.instagram.com\/smoothstar\/","https:\/\/www.youtube.com\/channel\/UCVqOqnZWdnEkF75C-27ApnQ"]},{"@type":"Person","@id":"https:\/\/www.smoothstar.com\/#\/schema\/person\/04f736e039806e0ca4bb1517781666b7","name":"flowintozdev","image":{"@type":"ImageObject","inLanguage":"it-IT","@id":"https:\/\/www.smoothstar.com\/#\/schema\/person\/image\/","url":"https:\/\/secure.gravatar.com\/avatar\/49c174a98b74c4557ea45b92e8bfdf9d9e55ce930b686f2ca88845325d9d51d0?s=96&d=mm&r=g","contentUrl":"https:\/\/secure.gravatar.com\/avatar\/49c174a98b74c4557ea45b92e8bfdf9d9e55ce930b686f2ca88845325d9d51d0?s=96&d=mm&r=g","caption":"flowintozdev"},"sameAs":["https:\/\/www.smoothstar.com"],"url":"https:\/\/www.smoothstar.com\/it\/author\/flowintozdev\/"}]}},"_links":{"self":[{"href":"https:\/\/www.smoothstar.com\/it\/wp-json\/wp\/v2\/posts\/4426","targetHints":{"allow":["GET"]}}],"collection":[{"href":"https:\/\/www.smoothstar.com\/it\/wp-json\/wp\/v2\/posts"}],"about":[{"href":"https:\/\/www.smoothstar.com\/it\/wp-json\/wp\/v2\/types\/post"}],"author":[{"embeddable":true,"href":"https:\/\/www.smoothstar.com\/it\/wp-json\/wp\/v2\/users\/1"}],"replies":[{"embeddable":true,"href":"https:\/\/www.smoothstar.com\/it\/wp-json\/wp\/v2\/comments?post=4426"}],"version-history":[{"count":0,"href":"https:\/\/www.smoothstar.com\/it\/wp-json\/wp\/v2\/posts\/4426\/revisions"}],"wp:attachment":[{"href":"https:\/\/www.smoothstar.com\/it\/wp-json\/wp\/v2\/media?parent=4426"}],"wp:term":[{"taxonomy":"category","embeddable":true,"href":"https:\/\/www.smoothstar.com\/it\/wp-json\/wp\/v2\/categories?post=4426"},{"taxonomy":"post_tag","embeddable":true,"href":"https:\/\/www.smoothstar.com\/it\/wp-json\/wp\/v2\/tags?post=4426"}],"curies":[{"name":"wp","href":"https:\/\/api.w.org\/{rel}","templated":true}]}}